{"id":55940,"global_id":"noonsong.de\/en\/?id=55940","global_id_lineage":["noonsong.de\/en\/?id=55940"],"author":"16","status":"publish","date":"2025-04-10 04:00:39","date_utc":"2025-04-10 02:00:39","modified":"2025-04-10 04:00:39","modified_utc":"2025-04-10 02:00:39","url":"https:\/\/noonsong.de\/en\/event\/noonsong-event-2015-04-19\/","rest_url":"https:\/\/noonsong.de\/en\/wp-json\/tribe\/events\/v1\/events\/55940","title":"712. NoonSong am 19.04.2015 um 12:00 Night-Song bei Kerzenschein um 21:00","description":"<div class=\"wp-block-group is-layout-constrained wp-block-group-is-layout-constrained\">\n\n<h2 class=\"wp-block-heading\">Programme<\/h2>\n\n\n\n<p>\n<br\/><strong>Responsorium<\/strong>: gregorianisch\n\n<br\/>Giovanni Pierluigi da Palestrina (1525-1594): Lamentationes Jeremiae Prophetae liber secundus &#8211; Teil I: in coena domini f\u00fcr sechsstimmig gemischten Chor a cappella<br\/>Ali Gorji (1978-Claudio): Tenebre f\u00fcr achtstimmig gemischten Chor a cappella<br\/>Giovanni Pierluigi da Palestrina (1525-1594): Lamentationes Jeremiae Prophetae liber secundus &#8211; Teil II: in parasceve f\u00fcr sechsstimmig gemischten Chor a cappella<br\/>Psalm 88: Frank Schwemmer (*1961): Psalm 88 f\u00fcr achtstimmig gemischten Chor a cappella<br\/>Giovanni Pierluigi da Palestrina (1525-1594): Lamentationes Jeremiae Prophetae liber secundus &#8211; Teil III: Sabbato sancto f\u00fcr achtstimmig gemischten Chor a cappella<br\/>Psalm 51: Gregorio Allegri (1582-1652): Miserere f\u00fcr neunstimmig gemischten Chor a cappella<\/p>\n\n\n\n<div style=\"height:30px\" aria-hidden=\"true\" class=\"wp-block-spacer\"><\/div>\n\n\n\n<blockquote class=\"wp-block-quote is-layout-flow wp-block-quote-is-layout-flow\" style=\"font-family:Playfair-Display\">\nLiturgy: Karsamstag<br>\n\n\n\nLocation: <a href=\"\/kontakt\/#anker-kommen-sie-vorbei\">Kirche am Hohenzollernplatz<\/a>\n<\/blockquote>\n\n<\/div>\n\n<div style=\"height:50px\" aria-hidden=\"true\" class=\"wp-block-spacer\"><\/div>\n\n\n\n<p hidden>Lamentationes Hieremiae prophetae\nLamentationes\nLamentationen, Palestrina, Giov. Pierluigi da; Palestrina, G. Pierluigi da; Palestrina, G. P. da; Palestrina, G.P. da; Palestrina, Giovanni Pierluigi; Palestrina, Giovanni Pietro; Palestrina, Giovanni Petraloysio; Palestrina, Giovanni L.; Palestrina, Giovanni; Palestrina, G. P.; Palestrina, G.P.; Palestrina, Giovanni da; Palestrina, Giovanno; Palestrina, C. P. da; Palestrina, C.P. da; Palestrina, Jean Pierluigi de; Palestrina, J. P.; Palestrina, J.P.; Palestrina, Joachim; Palestrina, Petrus Aloysius; Palestrina, Petrus A.; Palestrina, Pierluigi da; Palestrina, Pier Luigi; Palestrina, P. L. da; Palestrina, P.L. da; Palestrina; Pal\u00e4strina, G.; Palestrino, Joannes P.; Praenestinius, Ioannes P.; Praenestinius, Joannes Petraloysius; Praenestinus, Joann Petraloysius; Praenestinius, Joannes P.; Praenestino, Joanne Petraloysio; Praenestino, Joanne Petro Aloysio; Praenestino, Joannis P.; Praenestino, Petro Aloysio; Praenestinus, Ioannes P.; Praenestinus, Joannes Petraloysius; Praenestinus, Jo. Petraloysius; Praenestinus, Joannes P.; Praenestinus, Joann. P.; Praenestinus, Joannes Petrus Aloysius; Pr\u00e6nestinus, Ioan. Petraloysius; Pr\u00e6nestinus, Ioannes Aloysius; Pr\u00e6nestinus, Johannes Petrus Aloysius; Prenestino, Giovanni Pierluigi da; Prenestino, Giovanni Pietro Aloysio; Prenestinus, Giovanni P.; Prenestinus, Petrus Aloysius; Pierluigi, Giovanni; Pierluigi da Palestrina, Giovanni; Da Palestrina, Giovanni Pierluigi; Da Palestrina, Pierluigi; DaPalestrina, Giovanni Pierluigi; Giannetto; Sante da Palestrina, Pier Luigi, , , Lamentationes Hieremiae prophetae\nLamentationes\nLamentationen, Palestrina, Giov. Pierluigi da; Palestrina, G. Pierluigi da; Palestrina, G. P. da; Palestrina, G.P. da; Palestrina, Giovanni Pierluigi; Palestrina, Giovanni Pietro; Palestrina, Giovanni Petraloysio; Palestrina, Giovanni L.; Palestrina, Giovanni; Palestrina, G. P.; Palestrina, G.P.; Palestrina, Giovanni da; Palestrina, Giovanno; Palestrina, C. P. da; Palestrina, C.P. da; Palestrina, Jean Pierluigi de; Palestrina, J. P.; Palestrina, J.P.; Palestrina, Joachim; Palestrina, Petrus Aloysius; Palestrina, Petrus A.; Palestrina, Pierluigi da; Palestrina, Pier Luigi; Palestrina, P. L. da; Palestrina, P.L. da; Palestrina; Pal\u00e4strina, G.; Palestrino, Joannes P.; Praenestinius, Ioannes P.; Praenestinius, Joannes Petraloysius; Praenestinus, Joann Petraloysius; Praenestinius, Joannes P.; Praenestino, Joanne Petraloysio; Praenestino, Joanne Petro Aloysio; Praenestino, Joannis P.; Praenestino, Petro Aloysio; Praenestinus, Ioannes P.; Praenestinus, Joannes Petraloysius; Praenestinus, Jo. Petraloysius; Praenestinus, Joannes P.; Praenestinus, Joann. P.; Praenestinus, Joannes Petrus Aloysius; Pr\u00e6nestinus, Ioan. Petraloysius; Pr\u00e6nestinus, Ioannes Aloysius; Pr\u00e6nestinus, Johannes Petrus Aloysius; Prenestino, Giovanni Pierluigi da; Prenestino, Giovanni Pietro Aloysio; Prenestinus, Giovanni P.; Prenestinus, Petrus Aloysius; Pierluigi, Giovanni; Pierluigi da Palestrina, Giovanni; Da Palestrina, Giovanni Pierluigi; Da Palestrina, Pierluigi; DaPalestrina, Giovanni Pierluigi; Giannetto; Sante da Palestrina, Pier Luigi, , , Lamentationes Hieremiae prophetae\nLamentationes\nLamentationen, Palestrina, Giov. Pierluigi da; Palestrina, G. Pierluigi da; Palestrina, G. P. da; Palestrina, G.P. da; Palestrina, Giovanni Pierluigi; Palestrina, Giovanni Pietro; Palestrina, Giovanni Petraloysio; Palestrina, Giovanni L.; Palestrina, Giovanni; Palestrina, G. P.; Palestrina, G.P.; Palestrina, Giovanni da; Palestrina, Giovanno; Palestrina, C. P. da; Palestrina, C.P. da; Palestrina, Jean Pierluigi de; Palestrina, J. P.; Palestrina, J.P.; Palestrina, Joachim; Palestrina, Petrus Aloysius; Palestrina, Petrus A.; Palestrina, Pierluigi da; Palestrina, Pier Luigi; Palestrina, P. L. da; Palestrina, P.L. da; Palestrina; Pal\u00e4strina, G.; Palestrino, Joannes P.; Praenestinius, Ioannes P.; Praenestinius, Joannes Petraloysius; Praenestinus, Joann Petraloysius; Praenestinius, Joannes P.; Praenestino, Joanne Petraloysio; Praenestino, Joanne Petro Aloysio; Praenestino, Joannis P.; Praenestino, Petro Aloysio; Praenestinus, Ioannes P.; Praenestinus, Joannes Petraloysius; Praenestinus, Jo. Petraloysius; Praenestinus, Joannes P.; Praenestinus, Joann. P.; Praenestinus, Joannes Petrus Aloysius; Pr\u00e6nestinus, Ioan. Petraloysius; Pr\u00e6nestinus, Ioannes Aloysius; Pr\u00e6nestinus, Johannes Petrus Aloysius; Prenestino, Giovanni Pierluigi da; Prenestino, Giovanni Pietro Aloysio; Prenestinus, Giovanni P.; Prenestinus, Petrus Aloysius; Pierluigi, Giovanni; Pierluigi da Palestrina, Giovanni; Da Palestrina, Giovanni Pierluigi; Da Palestrina, Pierluigi; DaPalestrina, Giovanni Pierluigi; Giannetto; Sante da Palestrina, Pier Luigi, Il salmo Miserere mei Deus\nMiserere mei Deus Miserere\nAmplius lava me ab iniquitate mea, , <\/p>","excerpt":"<p>zum 500. Geburtstag des legend\u00e4ren Komponisten<\/p>\n<p>Palestrina war und ist bis heute stilbildend. Wer Komposition studiert, muss seine Prinzipien kennen, die die katholische Kirchenmusik f\u00fcnf Jahrhunderte lang pr\u00e4gten. Palestrinas schuf ausgewogene, perfekt zwischen Textverst\u00e4ndlichkeit und kunstvoller Polyphonie ausbalancierte, entr\u00fcckte, abgekl\u00e4rte Werke. Die nahezu 2.700 Jahre alten Texte in den Klageliedern des Jeremias betrauern die Zerst\u00f6rung Jerusalems. Streng und kunstvoll gegliedert f\u00fchrten sie als liturgische Ges\u00e4nge in der Passionszeit von Gr\u00fcndonnerstag bis zur v\u00f6lligen Dunkelheit in der Nacht von Karsamstag. Diese dramatische musikalische Inszenierung inspiriert auch zeitgen\u00f6ssische Komponisten. Beim NightSong zu Ehren Palestrinas kommen zwei Vokalwerke zur Urauff\u00fchrung, die Ali Gorji und Frank Schwemmer aus diesem Anlass geschrieben haben. Die beiden in Berlin lebenden Komponisten verarbeiten unterschiedliche kulturelle Einfl\u00fcsse und treffen sich bei Palestrina, dem sie Impulse und Anregung verdanken.<br \/>\nDas meditative Konzert klingt aus mit dem ber\u00fchmten \u201cMiserere\u201d von Allegri, bei welchem sich die Sopranistin engelsgleich auf das hohe c\u201d\u2019 schwingt.<br \/>\nDer Eintritt ist frei.<\/p>","slug":"noonsong-event-2015-04-19","image":{"url":"https:\/\/noonsong.de\/wp-content\/uploads\/2025\/04\/title-picture-for-noonsong-712.jpg","id":55938,"extension":"jpg","width":1080,"height":620,"filesize":91469,"sizes":{"medium":{"width":300,"height":172,"mime-type":"image\/jpeg","filesize":13345,"url":"https:\/\/noonsong.de\/wp-content\/uploads\/2025\/04\/title-picture-for-noonsong-712-300x172.jpg"},"large":{"width":1024,"height":588,"mime-type":"image\/jpeg","filesize":83777,"url":"https:\/\/noonsong.de\/wp-content\/uploads\/2025\/04\/title-picture-for-noonsong-712-1024x588.jpg"},"thumbnail":{"width":150,"height":150,"mime-type":"image\/jpeg","filesize":7683,"url":"https:\/\/noonsong.de\/wp-content\/uploads\/2025\/04\/title-picture-for-noonsong-712-150x150.jpg"},"medium_large":{"width":768,"height":441,"mime-type":"image\/jpeg","filesize":55703,"url":"https:\/\/noonsong.de\/wp-content\/uploads\/2025\/04\/title-picture-for-noonsong-712-768x441.jpg"},"et-pb-post-main-image":{"width":400,"height":250,"mime-type":"image\/jpeg","filesize":22538,"url":"https:\/\/noonsong.de\/wp-content\/uploads\/2025\/04\/title-picture-for-noonsong-712-400x250.jpg"},"et-pb-portfolio-image":{"width":400,"height":284,"mime-type":"image\/jpeg","filesize":25070,"url":"https:\/\/noonsong.de\/wp-content\/uploads\/2025\/04\/title-picture-for-noonsong-712-400x284.jpg"},"et-pb-portfolio-module-image":{"width":510,"height":382,"mime-type":"image\/jpeg","filesize":37728,"url":"https:\/\/noonsong.de\/wp-content\/uploads\/2025\/04\/title-picture-for-noonsong-712-510x382.jpg"},"et-pb-gallery-module-image-portrait":{"width":400,"height":516,"mime-type":"image\/jpeg","filesize":38172,"url":"https:\/\/noonsong.de\/wp-content\/uploads\/2025\/04\/title-picture-for-noonsong-712-400x516.jpg"},"et-pb-image--responsive--tablet":{"width":980,"height":563,"mime-type":"image\/jpeg","filesize":79059,"url":"https:\/\/noonsong.de\/wp-content\/uploads\/2025\/04\/title-picture-for-noonsong-712-980x563.jpg"},"et-pb-image--responsive--phone":{"width":480,"height":276,"mime-type":"image\/jpeg","filesize":27562,"url":"https:\/\/noonsong.de\/wp-content\/uploads\/2025\/04\/title-picture-for-noonsong-712-480x276.jpg"},"audioigniter_cover":{"width":560,"height":560,"mime-type":"image\/jpeg","filesize":51525,"url":"https:\/\/noonsong.de\/wp-content\/uploads\/2025\/04\/title-picture-for-noonsong-712-560x560.jpg"}}},"all_day":false,"start_date":"2015-04-19 12:00:00","start_date_details":{"year":"2015","month":"04","day":"19","hour":"12","minutes":"00","seconds":"00"},"end_date":"2015-04-19 13:00:00","end_date_details":{"year":"2015","month":"04","day":"19","hour":"13","minutes":"00","seconds":"00"},"utc_start_date":"2015-04-19 10:00:00","utc_start_date_details":{"year":"2015","month":"04","day":"19","hour":"10","minutes":"00","seconds":"00"},"utc_end_date":"2015-04-19 11:00:00","utc_end_date_details":{"year":"2015","month":"04","day":"19","hour":"11","minutes":"00","seconds":"00"},"timezone":"Europe\/Berlin","timezone_abbr":"CEST","cost":"Kostenlos","cost_details":{"currency_symbol":"","currency_code":"","currency_position":"","values":["kostenlos"]},"website":"https:\/\/noonsong.de\/event\/noonsong-event-2015-04-19\/","show_map":false,"show_map_link":true,"hide_from_listings":false,"sticky":false,"featured":false,"categories":[{"name":"21. Jahrhundert","slug":"21-jahrhundert","term_group":0,"term_taxonomy_id":741,"taxonomy":"tribe_events_cat","description":"","parent":721,"count":148,"filter":"raw","id":741,"urls":{"self":"https:\/\/noonsong.de\/en\/wp-json\/tribe\/events\/v1\/categories\/741","collection":"https:\/\/noonsong.de\/en\/wp-json\/tribe\/events\/v1\/categories","up":"https:\/\/noonsong.de\/en\/wp-json\/tribe\/events\/v1\/categories\/721"}},{"name":"Barock","slug":"barock","term_group":0,"term_taxonomy_id":723,"taxonomy":"tribe_events_cat","description":"","parent":721,"count":726,"filter":"raw","id":723,"urls":{"self":"https:\/\/noonsong.de\/en\/wp-json\/tribe\/events\/v1\/categories\/723","collection":"https:\/\/noonsong.de\/en\/wp-json\/tribe\/events\/v1\/categories","up":"https:\/\/noonsong.de\/en\/wp-json\/tribe\/events\/v1\/categories\/721"}},{"name":"Berlin","slug":"berlin","term_group":0,"term_taxonomy_id":711,"taxonomy":"tribe_events_cat","description":"","parent":0,"count":772,"filter":"raw","id":711,"urls":{"self":"https:\/\/noonsong.de\/en\/wp-json\/tribe\/events\/v1\/categories\/711","collection":"https:\/\/noonsong.de\/en\/wp-json\/tribe\/events\/v1\/categories"}},{"name":"Chor","slug":"chor","term_group":0,"term_taxonomy_id":712,"taxonomy":"tribe_events_cat","description":"","parent":0,"count":772,"filter":"raw","id":712,"urls":{"self":"https:\/\/noonsong.de\/en\/wp-json\/tribe\/events\/v1\/categories\/712","collection":"https:\/\/noonsong.de\/en\/wp-json\/tribe\/events\/v1\/categories"}},{"name":"Gottesdienst","slug":"gottesdienst","term_group":0,"term_taxonomy_id":716,"taxonomy":"tribe_events_cat","description":"","parent":0,"count":772,"filter":"raw","id":716,"urls":{"self":"https:\/\/noonsong.de\/en\/wp-json\/tribe\/events\/v1\/categories\/716","collection":"https:\/\/noonsong.de\/en\/wp-json\/tribe\/events\/v1\/categories"}},{"name":"Kirche","slug":"kirche","term_group":0,"term_taxonomy_id":717,"taxonomy":"tribe_events_cat","description":"","parent":0,"count":772,"filter":"raw","id":717,"urls":{"self":"https:\/\/noonsong.de\/en\/wp-json\/tribe\/events\/v1\/categories\/717","collection":"https:\/\/noonsong.de\/en\/wp-json\/tribe\/events\/v1\/categories"}},{"name":"Konzert","slug":"konzert","term_group":0,"term_taxonomy_id":719,"taxonomy":"tribe_events_cat","description":"","parent":0,"count":772,"filter":"raw","id":719,"urls":{"self":"https:\/\/noonsong.de\/en\/wp-json\/tribe\/events\/v1\/categories\/719","collection":"https:\/\/noonsong.de\/en\/wp-json\/tribe\/events\/v1\/categories"}},{"name":"Liturgie","slug":"liturgie","term_group":0,"term_taxonomy_id":729,"taxonomy":"tribe_events_cat","description":"","parent":728,"count":772,"filter":"raw","id":729,"urls":{"self":"https:\/\/noonsong.de\/en\/wp-json\/tribe\/events\/v1\/categories\/729","collection":"https:\/\/noonsong.de\/en\/wp-json\/tribe\/events\/v1\/categories","up":"https:\/\/noonsong.de\/en\/wp-json\/tribe\/events\/v1\/categories\/728"}},{"name":"NoonSong","slug":"noonsong","term_group":0,"term_taxonomy_id":708,"taxonomy":"tribe_events_cat","description":"jeden Samstag 12.00 eine halbe Stunde geistliche Chormusik in der Kirche Am Hohenzollernplatz Berlin, gesungen von sirventes berlin unter der Leitung von Stefan Schuck","parent":0,"count":772,"filter":"raw","id":708,"urls":{"self":"https:\/\/noonsong.de\/en\/wp-json\/tribe\/events\/v1\/categories\/708","collection":"https:\/\/noonsong.de\/en\/wp-json\/tribe\/events\/v1\/categories"}},{"name":"Renaissance","slug":"renaissance","term_group":0,"term_taxonomy_id":724,"taxonomy":"tribe_events_cat","description":"","parent":721,"count":621,"filter":"raw","id":724,"urls":{"self":"https:\/\/noonsong.de\/en\/wp-json\/tribe\/events\/v1\/categories\/724","collection":"https:\/\/noonsong.de\/en\/wp-json\/tribe\/events\/v1\/categories","up":"https:\/\/noonsong.de\/en\/wp-json\/tribe\/events\/v1\/categories\/721"}},{"name":"Vokal","slug":"vokal","term_group":0,"term_taxonomy_id":720,"taxonomy":"tribe_events_cat","description":"","parent":0,"count":772,"filter":"raw","id":720,"urls":{"self":"https:\/\/noonsong.de\/en\/wp-json\/tribe\/events\/v1\/categories\/720","collection":"https:\/\/noonsong.de\/en\/wp-json\/tribe\/events\/v1\/categories"}}],"tags":[{"name":"Ali Gorji","slug":"ali-gorji","term_group":0,"term_taxonomy_id":832,"taxonomy":"post_tag","description":"","parent":0,"count":2,"filter":"raw","id":832,"urls":{"self":"https:\/\/noonsong.de\/en\/wp-json\/tribe\/events\/v1\/tags\/832","collection":"https:\/\/noonsong.de\/en\/wp-json\/tribe\/events\/v1\/tags"}},{"name":"Frank Schwemmer","slug":"frank-schwemmer","term_group":0,"term_taxonomy_id":256,"taxonomy":"post_tag","description":"","parent":0,"count":21,"filter":"raw","id":256,"urls":{"self":"https:\/\/noonsong.de\/en\/wp-json\/tribe\/events\/v1\/tags\/256","collection":"https:\/\/noonsong.de\/en\/wp-json\/tribe\/events\/v1\/tags"}},{"name":"Giovanni Pierluigi da Palestrina","slug":"giovanni-pierluigi-da-palestrina","term_group":0,"term_taxonomy_id":289,"taxonomy":"post_tag","description":"","parent":0,"count":67,"filter":"raw","id":289,"urls":{"self":"https:\/\/noonsong.de\/en\/wp-json\/tribe\/events\/v1\/tags\/289","collection":"https:\/\/noonsong.de\/en\/wp-json\/tribe\/events\/v1\/tags"}},{"name":"Gregorio Allegri","slug":"gregorio-allegri","term_group":0,"term_taxonomy_id":524,"taxonomy":"post_tag","description":"","parent":0,"count":4,"filter":"raw","id":524,"urls":{"self":"https:\/\/noonsong.de\/en\/wp-json\/tribe\/events\/v1\/tags\/524","collection":"https:\/\/noonsong.de\/en\/wp-json\/tribe\/events\/v1\/tags"}}],"venue":{"id":39525,"author":"5","status":"publish","date":"2023-08-24 10:41:59","date_utc":"2023-08-24 08:41:59","modified":"2023-09-15 10:22:57","modified_utc":"2023-09-15 08:22:57","url":"https:\/\/noonsong.de\/venue\/kirche-am-hohenzollernplatz-berlin\/","venue":"Kirche Am Hohenzollernplatz Berlin","description":"<p>Die Kirche Am Hohenzollernplatz in Berlin-Wilmersdorf ist ein herausragendes Beispiel expressionistischer Baukunst.<\/p>","excerpt":"<p>Die Kirche Am Hohenzollernplatz in Berlin-Wilmersdorf ist ein herausragendes Beispiel expressionistischer Baukunst.<\/p>","slug":"kirche-am-hohenzollernplatz-berlin","address":"Nassauische Strasse 66","city":"Berlin","country":"Deutschland","province":"Berlin","zip":"10717","website":"https:\/\/hohenzollerngemeinde.de","stateprovince":"Berlin","json_ld":{"@type":"Place","name":"Kirche Am Hohenzollernplatz Berlin","description":"&lt;p&gt;Die Kirche Am Hohenzollernplatz in Berlin-Wilmersdorf ist ein herausragendes Beispiel expressionistischer Baukunst.&lt;\/p&gt;\\n","url":"","address":{"@type":"PostalAddress","streetAddress":"Nassauische Strasse 66","addressLocality":"Berlin","addressRegion":"Berlin","postalCode":"10717","addressCountry":"Deutschland"},"telephone":"","sameAs":"https:\/\/hohenzollerngemeinde.de"},"show_map":true,"show_map_link":true,"global_id":"noonsong.de\/en\/?id=39525","global_id_lineage":["noonsong.de\/en\/?id=39525"]},"organizer":[{"id":39527,"author":"5","status":"publish","date":"2023-08-24 10:43:34","date_utc":"2023-08-24 08:43:34","modified":"2023-09-15 10:21:09","modified_utc":"2023-09-15 08:21:09","url":"https:\/\/noonsong.de\/organizer\/noonsong-e-v\/","organizer":"NoonSong e.V.","description":"<p>Die NoonSongs werden durch den Tr\u00e4gerverein NoonSong e.V. veranstaltet. Sie sind Gast in der Kirche Am Hohenzollernplatz.<\/p>","slug":"noonsong-e-v","phone":"+49 30 68400455","website":"https:\/\/noonsong.de","email":"contact@noonsong.de","json_ld":{"@type":"Person","name":"NoonSong e.V.","description":"&lt;p&gt;Die NoonSongs werden durch den Tr\u00e4gerverein NoonSong e.V. veranstaltet. Sie sind Gast in der Kirche Am Hohenzollernplatz.&lt;\/p&gt;\\n","url":"https:\/\/noonsong.de","telephone":"+49 30 68400455","email":"c&#111;&#110;tact&#64;&#110;&#111;&#111;ns&#111;n&#103;&#46;&#100;&#101;","sameAs":"https:\/\/noonsong.de"},"global_id":"noonsong.de\/en\/?id=39527","global_id_lineage":["noonsong.de\/en\/?id=39527"]}],"custom_fields":[],"json_ld":{"@context":"http:\/\/schema.org","@type":"Event","name":"712. NoonSong am 19.04.2015 um 12:00 Night-Song bei Kerzenschein um 21:00","description":"&lt;p&gt;zum 500. Geburtstag des legend\u00e4ren Komponisten&lt;\/p&gt;\\n&lt;p&gt;Palestrina war und ist bis heute stilbildend. Wer Komposition studiert, muss seine Prinzipien kennen, die die katholische Kirchenmusik f\u00fcnf Jahrhunderte lang pr\u00e4gten. Palestrinas schuf ausgewogene, perfekt zwischen Textverst\u00e4ndlichkeit und kunstvoller Polyphonie ausbalancierte, entr\u00fcckte, abgekl\u00e4rte Werke. Die nahezu 2.700 Jahre alten Texte in den Klageliedern des Jeremias betrauern die Zerst\u00f6rung Jerusalems. Streng und kunstvoll gegliedert f\u00fchrten sie als liturgische Ges\u00e4nge in der Passionszeit von Gr\u00fcndonnerstag bis zur v\u00f6lligen Dunkelheit in der Nacht von Karsamstag. Diese dramatische musikalische Inszenierung inspiriert auch zeitgen\u00f6ssische Komponisten. Beim NightSong zu Ehren Palestrinas kommen zwei Vokalwerke zur Urauff\u00fchrung, die Ali Gorji und Frank Schwemmer aus diesem Anlass geschrieben haben. Die beiden in Berlin lebenden Komponisten verarbeiten unterschiedliche kulturelle Einfl\u00fcsse und treffen sich bei Palestrina, dem sie Impulse und Anregung verdanken.&lt;br \/&gt;\\nDas meditative Konzert klingt aus mit dem ber\u00fchmten \u201cMiserere\u201d von Allegri, bei welchem sich die Sopranistin engelsgleich auf das hohe c\u201d\u2019 schwingt.&lt;br \/&gt;\\nDer Eintritt ist frei.&lt;\/p&gt;\\n","image":"https:\/\/noonsong.de\/wp-content\/uploads\/2025\/04\/title-picture-for-noonsong-712.jpg","url":"https:\/\/noonsong.de\/en\/event\/noonsong-event-2015-04-19\/","eventAttendanceMode":"https:\/\/schema.org\/OfflineEventAttendanceMode","eventStatus":"https:\/\/schema.org\/EventScheduled","startDate":"2015-04-19T12:00:00+02:00","endDate":"2015-04-19T13:00:00+02:00","location":{"@type":"Place","name":"Kirche Am Hohenzollernplatz Berlin","description":"&lt;p&gt;Die Kirche Am Hohenzollernplatz in Berlin-Wilmersdorf ist ein herausragendes Beispiel expressionistischer Baukunst.&lt;\/p&gt;\\n","url":"","address":{"@type":"PostalAddress","streetAddress":"Nassauische Strasse 66","addressLocality":"Berlin","addressRegion":"Berlin","postalCode":"10717","addressCountry":"Deutschland"},"telephone":"","sameAs":"https:\/\/hohenzollerngemeinde.de"},"organizer":{"@type":"Person","name":"NoonSong e.V.","description":"&lt;p&gt;Die NoonSongs werden durch den Tr\u00e4gerverein NoonSong e.V. veranstaltet. Sie sind Gast in der Kirche Am Hohenzollernplatz.&lt;\/p&gt;\\n","url":"https:\/\/noonsong.de","telephone":"+49 30 68400455","email":"&#99;&#111;&#110;t&#97;ct&#64;noo&#110;&#115;&#111;&#110;g&#46;de","sameAs":"https:\/\/noonsong.de"},"offers":{"@type":"Offer","price":"Kostenlos","priceCurrency":"USD","url":"https:\/\/noonsong.de\/en\/event\/noonsong-event-2015-04-19\/","category":"primary","availability":"inStock","validFrom":"2025-04-10T00:00:00+00:00"},"performer":"Organization"}}