{"id":47308,"date":"2024-11-25T11:20:10","date_gmt":"2024-11-25T10:20:10","guid":{"rendered":"https:\/\/noonsong.de\/2024\/11\/25\/unsere-vaeter-hofften-auf-dich-aus-fest-und-gedenksprueche-op-109\/"},"modified":"2024-11-28T22:44:33","modified_gmt":"2024-11-28T21:44:33","slug":"unsere-vaeter-hofften-auf-dich-aus-fest-und-gedenksprueche-op-109","status":"publish","type":"post","link":"https:\/\/noonsong.de\/en\/2024\/11\/25\/unsere-vaeter-hofften-auf-dich-aus-fest-und-gedenksprueche-op-109\/","title":{"rendered":"Psalm 22: Johannes Brahms (1833-1897): Unsere V\u00e4ter hofften auf Dich, aus: Fest- und Gedenkspr\u00fcche op. 109"},"content":{"rendered":"<!-- 933 -->\n\n<p>Chormusik<\/p>\n\n\n\n<p>Epoche: Romantik<\/p>\n\n\n\n<div style=\"height:20px\" aria-hidden=\"true\" class=\"wp-block-spacer\"><\/div>\n\n\n<p>Aufnahme aus dieser Veranstaltung: <a href=\"https:\/\/noonsong.de\/noonsong-event-2024-11-02\">690. NoonSong am 02.11.2024 um 12:00 16 Jahre NoonSong!<\/a><\/p>\n\n\n<figure class=\"wp-block-audio\">\n        <div class=\"um-locked-content\">\n\t<div class=\"um-locked-content-msg\">This content has been restricted to logged-in users only. Please <a href=\"https:\/\/noonsong.de\/en\/login-audio-archive\/?redirect_to=https%3A%2F%2Fnoonsong.de%2Fen%2Fwp-json%2Fwp%2Fv2%2Fposts%2F47308\">log in<\/a> to view this content.<\/div>\n<\/div>\n\n<\/figure>\n\n\n\n<div style=\"height:20px\" aria-hidden=\"true\" class=\"wp-block-spacer\"><\/div>\n\n\n<p>Aufnahme aus dieser Veranstaltung: <a href=\"https:\/\/noonsong.de\/noonsong-event-2017-05-20\">377. NoonSong am 20.05.2017 um 12:00<\/a><\/p>\n\n\n<figure class=\"wp-block-audio\">\n        <div class=\"um-locked-content\">\n\t<div class=\"um-locked-content-msg\">This content has been restricted to logged-in users only. Please <a href=\"https:\/\/noonsong.de\/en\/login-audio-archive\/?redirect_to=https%3A%2F%2Fnoonsong.de%2Fen%2Fwp-json%2Fwp%2Fv2%2Fposts%2F47308\">log in<\/a> to view this content.<\/div>\n<\/div>\n\n<\/figure>\n\n\n\n<div style=\"height:20px\" aria-hidden=\"true\" class=\"wp-block-spacer\"><\/div>\n\n\n<p>Aufnahme aus dieser Veranstaltung: <a href=\"https:\/\/noonsong.de\/noonsong-event-2013-05-11\">200. NoonSong am 11.05.2013 um 12:00<\/a><\/p>\n\n\n<figure class=\"wp-block-audio\">\n        <div class=\"um-locked-content\">\n\t<div class=\"um-locked-content-msg\">This content has been restricted to logged-in users only. Please <a href=\"https:\/\/noonsong.de\/en\/login-audio-archive\/?redirect_to=https%3A%2F%2Fnoonsong.de%2Fen%2Fwp-json%2Fwp%2Fv2%2Fposts%2F47308\">log in<\/a> to view this content.<\/div>\n<\/div>\n\n<\/figure>\n\n\n\n<p hidden>\n        Fest- und Gedenkspr\u00fcche\r\nFest- und Gedenkspr\u00fcche, op. 109 Brahms; Brahms-Joachim, Johannes; Brahms, J.; Brahms, Joh.; Brams, Iogannes; Brahms, Johs.; Brams, I.; Marks, G.W.\n<\/p>\n\n","protected":false},"excerpt":{"rendered":"<p>Psalm 22: Johannes Brahms (1833-1897): Unsere V\u00e4ter hofften auf Dich, aus: Fest- und Gedenkspr\u00fcche op. 109 f\u00fcr achtstimmigen (Doppel-)Chor a cappella<\/p>\n","protected":false},"author":16,"featured_media":0,"comment_status":"closed","ping_status":"","sticky":false,"template":"","format":"standard","meta":{"_et_pb_use_builder":"","_et_pb_old_content":"","_et_gb_content_width":"","footnotes":""},"categories":[793],"tags":[],"class_list":["post-47308","post","type-post","status-publish","format-standard","hentry","category-xxx_search_tonarchiv"],"acf":[],"_links":{"self":[{"href":"https:\/\/noonsong.de\/en\/wp-json\/wp\/v2\/posts\/47308","targetHints":{"allow":["GET"]}}],"collection":[{"href":"https:\/\/noonsong.de\/en\/wp-json\/wp\/v2\/posts"}],"about":[{"href":"https:\/\/noonsong.de\/en\/wp-json\/wp\/v2\/types\/post"}],"author":[{"embeddable":true,"href":"https:\/\/noonsong.de\/en\/wp-json\/wp\/v2\/users\/16"}],"replies":[{"embeddable":true,"href":"https:\/\/noonsong.de\/en\/wp-json\/wp\/v2\/comments?post=47308"}],"version-history":[{"count":0,"href":"https:\/\/noonsong.de\/en\/wp-json\/wp\/v2\/posts\/47308\/revisions"}],"wp:attachment":[{"href":"https:\/\/noonsong.de\/en\/wp-json\/wp\/v2\/media?parent=47308"}],"wp:term":[{"taxonomy":"category","embeddable":true,"href":"https:\/\/noonsong.de\/en\/wp-json\/wp\/v2\/categories?post=47308"},{"taxonomy":"post_tag","embeddable":true,"href":"https:\/\/noonsong.de\/en\/wp-json\/wp\/v2\/tags?post=47308"}],"curies":[{"name":"wp","href":"https:\/\/api.w.org\/{rel}","templated":true}]}}