{"id":47535,"date":"2024-11-25T11:31:49","date_gmt":"2024-11-25T10:31:49","guid":{"rendered":"https:\/\/noonsong.de\/2024\/11\/25\/psalm-113-claudio-monteverdi-1567-1643-laudate-pueri-a-5-voci-da-cappella-1650\/"},"modified":"2025-06-14T04:00:55","modified_gmt":"2025-06-14T02:00:55","slug":"psalm-113-claudio-monteverdi-1567-1643-laudate-pueri-a-5-voci-da-cappella-1650","status":"publish","type":"post","link":"https:\/\/noonsong.de\/en\/2024\/11\/25\/psalm-113-claudio-monteverdi-1567-1643-laudate-pueri-a-5-voci-da-cappella-1650\/","title":{"rendered":"Psalm 113: Claudio Monteverdi (1567-1643): Laudate pueri a 5 voci da Cappella (1650)"},"content":{"rendered":"<!-- 718 -->\n\n<p>\u00dcbersetzung: Lobet, ihr Knechte des Herrn, lobet den Namen des Herrn! Gelobt sei der Name des Herrn von nun an bis in Ewigkeit! Vom Aufgang der Sonne bis zu ihrem Niedergang sei gelobet der Name des Herrn! Der Herr ist hoch \u00fcber alle V\u00f6lker; seine Herrlichkeit reicht, so weit der Himmel ist. Wer ist wie der Herr, unser Gott, im Himmel und auf Erden? Der oben thront in der H\u00f6he, der herniederschaut in die Tiefe, der den Geringen aufrichtet aus dem Staube und erh\u00f6ht den Armen aus dem Schmutz, dass er ihn setze neben die F\u00fcrsten, neben die F\u00fcrsten seines Volkes;  der die Unfruchtbare im Hause zu Ehren bringt, dass sie eine fr\u00f6hliche Kindermutter wird.<\/p>\n\n\n\n<p>Chormusik<\/p>\n\n\n\n<p>Epoche: Renaissance,Barock<\/p>\n\n\n\n<div style=\"height:20px\" aria-hidden=\"true\" class=\"wp-block-spacer\"><\/div>\n\n\n<p>Aufnahme aus dieser Veranstaltung: <a href=\"https:\/\/noonsong.de\/noonsong-event-2018-08-11\">430. NoonSong am 11.08.2018 um 12:00<\/a><\/p>\n\n\n<figure class=\"wp-block-audio\">\n        <div class=\"um-locked-content\">\n\t<div class=\"um-locked-content-msg\">This content has been restricted to logged-in users only. Please <a href=\"https:\/\/noonsong.de\/en\/login-audio-archive\/?redirect_to=https%3A%2F%2Fnoonsong.de%2Fen%2Fwp-json%2Fwp%2Fv2%2Fposts%2F47535\">log in<\/a> to view this content.<\/div>\n<\/div>\n\n<\/figure>\n\n\n\n<div style=\"height:20px\" aria-hidden=\"true\" class=\"wp-block-spacer\"><\/div>\n\n\n<p>Aufnahme aus dieser Veranstaltung: <a href=\"https:\/\/noonsong.de\/noonsong-event-2015-10-24\">306. NoonSong am 24.10.2015 um 12:00<\/a><\/p>\n\n\n<figure class=\"wp-block-audio\">\n        <div class=\"um-locked-content\">\n\t<div class=\"um-locked-content-msg\">This content has been restricted to logged-in users only. Please <a href=\"https:\/\/noonsong.de\/en\/login-audio-archive\/?redirect_to=https%3A%2F%2Fnoonsong.de%2Fen%2Fwp-json%2Fwp%2Fv2%2Fposts%2F47535\">log in<\/a> to view this content.<\/div>\n<\/div>\n\n<\/figure>\n\n\n\n<div style=\"height:20px\" aria-hidden=\"true\" class=\"wp-block-spacer\"><\/div>\n\n\n<p>Aufnahme aus dieser Veranstaltung: <a href=\"https:\/\/noonsong.de\/noonsong-event-2014-08-30\">254. NoonSong am 30.08.2014 um 12:00<\/a><\/p>\n\n\n<figure class=\"wp-block-audio\">\n        <div class=\"um-locked-content\">\n\t<div class=\"um-locked-content-msg\">This content has been restricted to logged-in users only. Please <a href=\"https:\/\/noonsong.de\/en\/login-audio-archive\/?redirect_to=https%3A%2F%2Fnoonsong.de%2Fen%2Fwp-json%2Fwp%2Fv2%2Fposts%2F47535\">log in<\/a> to view this content.<\/div>\n<\/div>\n\n<\/figure>\n\n\n\n<div style=\"height:20px\" aria-hidden=\"true\" class=\"wp-block-spacer\"><\/div>\n\n\n<p>Aufnahme aus dieser Veranstaltung: <a href=\"https:\/\/noonsong.de\/noonsong-event-2011-09-03\">122. NoonSong am 03.09.2011 um 12:00<\/a><\/p>\n\n\n<figure class=\"wp-block-audio\">\n        <div class=\"um-locked-content\">\n\t<div class=\"um-locked-content-msg\">This content has been restricted to logged-in users only. Please <a href=\"https:\/\/noonsong.de\/en\/login-audio-archive\/?redirect_to=https%3A%2F%2Fnoonsong.de%2Fen%2Fwp-json%2Fwp%2Fv2%2Fposts%2F47535\">log in<\/a> to view this content.<\/div>\n<\/div>\n\n<\/figure>\n\n\n\n<p hidden>\n        Messa et salmi. Laudate pueri Dominium\r\nMessen und Psalmen. Laudate pueri Dominum, SV 196\r\nLaudate pueri Dominum, SV 196\r\nLaudate pueri Dominum &#8220;alla quarta bassa&#8221;\r\nSV 196 Monteverdi; Monteverdi, Claudio Zuan Antonio; Monteverdi, Claudio Zuan Giovanni Antonio; Monteverdi, C.; Montisviridius, Claudinius; Monteverde, Claudio; Monte Verde, Claudio; Monsviridus, Claudio; Montverdi, Claudio\n<\/p>\n\n","protected":false},"excerpt":{"rendered":"<p>Psalm 113: Claudio Monteverdi (1567-1643): Laudate pueri a 5 voci da Cappella (1650) f\u00fcr f\u00fcnfstimmig gemischten Chor a cappella<\/p>\n","protected":false},"author":16,"featured_media":0,"comment_status":"closed","ping_status":"","sticky":false,"template":"","format":"standard","meta":{"_et_pb_use_builder":"","_et_pb_old_content":"","_et_gb_content_width":"","footnotes":""},"categories":[793],"tags":[],"class_list":["post-47535","post","type-post","status-publish","format-standard","hentry","category-xxx_search_tonarchiv"],"acf":[],"_links":{"self":[{"href":"https:\/\/noonsong.de\/en\/wp-json\/wp\/v2\/posts\/47535","targetHints":{"allow":["GET"]}}],"collection":[{"href":"https:\/\/noonsong.de\/en\/wp-json\/wp\/v2\/posts"}],"about":[{"href":"https:\/\/noonsong.de\/en\/wp-json\/wp\/v2\/types\/post"}],"author":[{"embeddable":true,"href":"https:\/\/noonsong.de\/en\/wp-json\/wp\/v2\/users\/16"}],"replies":[{"embeddable":true,"href":"https:\/\/noonsong.de\/en\/wp-json\/wp\/v2\/comments?post=47535"}],"version-history":[{"count":1,"href":"https:\/\/noonsong.de\/en\/wp-json\/wp\/v2\/posts\/47535\/revisions"}],"predecessor-version":[{"id":56704,"href":"https:\/\/noonsong.de\/en\/wp-json\/wp\/v2\/posts\/47535\/revisions\/56704"}],"wp:attachment":[{"href":"https:\/\/noonsong.de\/en\/wp-json\/wp\/v2\/media?parent=47535"}],"wp:term":[{"taxonomy":"category","embeddable":true,"href":"https:\/\/noonsong.de\/en\/wp-json\/wp\/v2\/categories?post=47535"},{"taxonomy":"post_tag","embeddable":true,"href":"https:\/\/noonsong.de\/en\/wp-json\/wp\/v2\/tags?post=47535"}],"curies":[{"name":"wp","href":"https:\/\/api.w.org\/{rel}","templated":true}]}}