{"id":48398,"date":"2024-11-25T12:08:12","date_gmt":"2024-11-25T11:08:12","guid":{"rendered":"https:\/\/noonsong.de\/2024\/11\/25\/michael-praetorius-1571-1621-mein-seel-o-herr-muss-loben-dich\/"},"modified":"2024-11-28T22:17:26","modified_gmt":"2024-11-28T21:17:26","slug":"michael-praetorius-1571-1621-mein-seel-o-herr-muss-loben-dich","status":"publish","type":"post","link":"https:\/\/noonsong.de\/en\/2024\/11\/25\/michael-praetorius-1571-1621-mein-seel-o-herr-muss-loben-dich\/","title":{"rendered":"Michael Praetorius (1571-1621): Mein Seel, o Herr, muss loben dich"},"content":{"rendered":"<!-- 709 -->\n\n<p>Chormusik<\/p>\n\n\n\n<p>Epoche: Renaissance,Barock<\/p>\n\n\n\n<div style=\"height:20px\" aria-hidden=\"true\" class=\"wp-block-spacer\"><\/div>\n\n\n<p>Aufnahme aus dieser Veranstaltung: <a href=\"https:\/\/noonsong.de\/noonsong-event-2022-07-02\">588. NoonSong am 02.07.2022 um 12:00<\/a><\/p>\n\n\n<figure class=\"wp-block-audio\">\n        <div class=\"um-locked-content\">\n\t<div class=\"um-locked-content-msg\">This content has been restricted to logged-in users only. Please <a href=\"https:\/\/noonsong.de\/en\/login-audio-archive\/?redirect_to=https%3A%2F%2Fnoonsong.de%2Fen%2Fwp-json%2Fwp%2Fv2%2Fposts%2F48398\">log in<\/a> to view this content.<\/div>\n<\/div>\n\n<\/figure>\n\n\n\n<div style=\"height:20px\" aria-hidden=\"true\" class=\"wp-block-spacer\"><\/div>\n\n\n<p>Aufnahme aus dieser Veranstaltung: <a href=\"https:\/\/noonsong.de\/noonsong-event-2018-08-25\">432. NoonSong am 25.08.2018 um 12:00 NoonSong mit Bach-Motette<\/a><\/p>\n\n\n<figure class=\"wp-block-audio\">\n        <div class=\"um-locked-content\">\n\t<div class=\"um-locked-content-msg\">This content has been restricted to logged-in users only. Please <a href=\"https:\/\/noonsong.de\/en\/login-audio-archive\/?redirect_to=https%3A%2F%2Fnoonsong.de%2Fen%2Fwp-json%2Fwp%2Fv2%2Fposts%2F48398\">log in<\/a> to view this content.<\/div>\n<\/div>\n\n<\/figure>\n\n\n\n<div style=\"height:20px\" aria-hidden=\"true\" class=\"wp-block-spacer\"><\/div>\n\n\n<p>Aufnahme aus dieser Veranstaltung: <a href=\"https:\/\/noonsong.de\/noonsong-event-2016-07-02\">339. NoonSong am 02.07.2016 um 12:00<\/a><\/p>\n\n\n<figure class=\"wp-block-audio\">\n        <div class=\"um-locked-content\">\n\t<div class=\"um-locked-content-msg\">This content has been restricted to logged-in users only. Please <a href=\"https:\/\/noonsong.de\/en\/login-audio-archive\/?redirect_to=https%3A%2F%2Fnoonsong.de%2Fen%2Fwp-json%2Fwp%2Fv2%2Fposts%2F48398\">log in<\/a> to view this content.<\/div>\n<\/div>\n\n<\/figure>\n\n\n\n<p hidden>\n         Praetorius, M.; Praetorius; Praetorij, Micha\u00eblis; Pr\u00e4torius, Michael; Pr\u00e4torius, Mich.; Schulthei\u00df, Michael; Schultheiss, Michael\n<\/p>\n\n","protected":false},"excerpt":{"rendered":"<p>Michael Praetorius (1571-1621): Mein Seel, o Herr, muss loben dich f\u00fcr vierstimmig gemischten Chor a cappella<\/p>\n","protected":false},"author":16,"featured_media":0,"comment_status":"closed","ping_status":"","sticky":false,"template":"","format":"standard","meta":{"_et_pb_use_builder":"","_et_pb_old_content":"","_et_gb_content_width":"","footnotes":""},"categories":[793],"tags":[],"class_list":["post-48398","post","type-post","status-publish","format-standard","hentry","category-xxx_search_tonarchiv"],"acf":[],"_links":{"self":[{"href":"https:\/\/noonsong.de\/en\/wp-json\/wp\/v2\/posts\/48398","targetHints":{"allow":["GET"]}}],"collection":[{"href":"https:\/\/noonsong.de\/en\/wp-json\/wp\/v2\/posts"}],"about":[{"href":"https:\/\/noonsong.de\/en\/wp-json\/wp\/v2\/types\/post"}],"author":[{"embeddable":true,"href":"https:\/\/noonsong.de\/en\/wp-json\/wp\/v2\/users\/16"}],"replies":[{"embeddable":true,"href":"https:\/\/noonsong.de\/en\/wp-json\/wp\/v2\/comments?post=48398"}],"version-history":[{"count":0,"href":"https:\/\/noonsong.de\/en\/wp-json\/wp\/v2\/posts\/48398\/revisions"}],"wp:attachment":[{"href":"https:\/\/noonsong.de\/en\/wp-json\/wp\/v2\/media?parent=48398"}],"wp:term":[{"taxonomy":"category","embeddable":true,"href":"https:\/\/noonsong.de\/en\/wp-json\/wp\/v2\/categories?post=48398"},{"taxonomy":"post_tag","embeddable":true,"href":"https:\/\/noonsong.de\/en\/wp-json\/wp\/v2\/tags?post=48398"}],"curies":[{"name":"wp","href":"https:\/\/api.w.org\/{rel}","templated":true}]}}