{"id":48594,"date":"2024-11-25T12:15:30","date_gmt":"2024-11-25T11:15:30","guid":{"rendered":"https:\/\/noonsong.de\/2024\/11\/25\/lodovico-viadana-1560-1627-magnificat-meine-seele-preist-die-groesse-des-herrn\/"},"modified":"2025-07-06T04:01:07","modified_gmt":"2025-07-06T02:01:07","slug":"lodovico-viadana-1560-1627-magnificat-meine-seele-preist-die-groesse-des-herrn","status":"publish","type":"post","link":"https:\/\/noonsong.de\/en\/2024\/11\/25\/lodovico-viadana-1560-1627-magnificat-meine-seele-preist-die-groesse-des-herrn\/","title":{"rendered":"Lodovico Viadana (1560-1627): Magnificat: Meine Seele preist die Gr\u00f6\u00dfe des Herrn"},"content":{"rendered":"<!-- 1378 -->\n\n<p>Chormusik<\/p>\n\n\n\n<p>Epoche: Renaissance<\/p>\n\n\n\n<div style=\"height:20px\" aria-hidden=\"true\" class=\"wp-block-spacer\"><\/div>\n\n\n<p>Aufnahme aus dieser Veranstaltung: <a href=\"https:\/\/noonsong.de\/noonsong-event-2025-07-05\">723. NoonSong am 05.07.2025 um 12:00 Musik des Fr\u00fchbarock aus Dresden und Rom<\/a><\/p>\n\n\n<figure class=\"wp-block-audio\">\n        <div class=\"um-locked-content\">\n\t<div class=\"um-locked-content-msg\">This content has been restricted to logged-in users only. Please <a href=\"https:\/\/noonsong.de\/en\/login-audio-archive\/?redirect_to=https%3A%2F%2Fnoonsong.de%2Fen%2Fwp-json%2Fwp%2Fv2%2Fposts%2F48594\">log in<\/a> to view this content.<\/div>\n<\/div>\n\n<\/figure>\n\n\n\n<div style=\"height:20px\" aria-hidden=\"true\" class=\"wp-block-spacer\"><\/div>\n\n\n<p>Aufnahme aus dieser Veranstaltung: <a href=\"https:\/\/noonsong.de\/noonsong-event-2016-09-24\">346. NoonSong am 24.09.2016 um 12:00<\/a><\/p>\n\n\n<figure class=\"wp-block-audio\">\n        <div class=\"um-locked-content\">\n\t<div class=\"um-locked-content-msg\">This content has been restricted to logged-in users only. Please <a href=\"https:\/\/noonsong.de\/en\/login-audio-archive\/?redirect_to=https%3A%2F%2Fnoonsong.de%2Fen%2Fwp-json%2Fwp%2Fv2%2Fposts%2F48594\">log in<\/a> to view this content.<\/div>\n<\/div>\n\n<\/figure>\n\n\n\n<div style=\"height:20px\" aria-hidden=\"true\" class=\"wp-block-spacer\"><\/div>\n\n<figure class=\"wp-block-audio\">\n        <div class=\"um-locked-content\">\n\t<div class=\"um-locked-content-msg\">This content has been restricted to logged-in users only. Please <a href=\"https:\/\/noonsong.de\/en\/login-audio-archive\/?redirect_to=https%3A%2F%2Fnoonsong.de%2Fen%2Fwp-json%2Fwp%2Fv2%2Fposts%2F48594\">log in<\/a> to view this content.<\/div>\n<\/div>\n\n<\/figure>\n\n\n\n<div style=\"height:20px\" aria-hidden=\"true\" class=\"wp-block-spacer\"><\/div>\n\n\n<p>Aufnahme aus dieser Veranstaltung: <a href=\"https:\/\/noonsong.de\/noonsong-event-2014-08-30\">254. NoonSong am 30.08.2014 um 12:00<\/a><\/p>\n\n\n<figure class=\"wp-block-audio\">\n        <div class=\"um-locked-content\">\n\t<div class=\"um-locked-content-msg\">This content has been restricted to logged-in users only. Please <a href=\"https:\/\/noonsong.de\/en\/login-audio-archive\/?redirect_to=https%3A%2F%2Fnoonsong.de%2Fen%2Fwp-json%2Fwp%2Fv2%2Fposts%2F48594\">log in<\/a> to view this content.<\/div>\n<\/div>\n\n<\/figure>\n\n\n\n<div style=\"height:20px\" aria-hidden=\"true\" class=\"wp-block-spacer\"><\/div>\n\n\n<p>Aufnahme aus dieser Veranstaltung: <a href=\"https:\/\/noonsong.de\/noonsong-event-2012-09-22\">170. NoonSong am 22.09.2012 um 12:00<\/a><\/p>\n\n\n<figure class=\"wp-block-audio\">\n        <div class=\"um-locked-content\">\n\t<div class=\"um-locked-content-msg\">This content has been restricted to logged-in users only. Please <a href=\"https:\/\/noonsong.de\/en\/login-audio-archive\/?redirect_to=https%3A%2F%2Fnoonsong.de%2Fen%2Fwp-json%2Fwp%2Fv2%2Fposts%2F48594\">log in<\/a> to view this content.<\/div>\n<\/div>\n\n<\/figure>\n\n\n\n<p hidden>\n         Viadana, Ludwig; Grossi, Ludovico; Viadana, Lodovico Grossi da; Viadana, L.; Viadana, Lodovico G. da; Vidadan, Ludovico; Grosso da Viadana, Ludovico; Viadana, Ludovicus; Viadana, Ludovico Grossi da; Viadana, Ludovico da; Grossi da Viadana, Ludovico; Viadana, Ludovico; Da Viadana, Lodovico; Grossi da Viadana, Ludovido; Da Viadana, Ludovico; Grossi da Viadana, Lodovico; Viadana, Lodovico da; Viadono, Ludovico Grossi; Viadana, Ludovico Grossi; Viadono, Ludovico\n<\/p>\n\n","protected":false},"excerpt":{"rendered":"<p>Lodovico Viadana (1560-1627): Magnificat: Meine Seele preist die Gr\u00f6\u00dfe des Herrn f\u00fcr vierstimmig gemischten Chor a cappella<\/p>\n","protected":false},"author":16,"featured_media":0,"comment_status":"closed","ping_status":"","sticky":false,"template":"","format":"standard","meta":{"_et_pb_use_builder":"","_et_pb_old_content":"","_et_gb_content_width":"","footnotes":""},"categories":[793],"tags":[],"class_list":["post-48594","post","type-post","status-publish","format-standard","hentry","category-xxx_search_tonarchiv"],"acf":[],"_links":{"self":[{"href":"https:\/\/noonsong.de\/en\/wp-json\/wp\/v2\/posts\/48594","targetHints":{"allow":["GET"]}}],"collection":[{"href":"https:\/\/noonsong.de\/en\/wp-json\/wp\/v2\/posts"}],"about":[{"href":"https:\/\/noonsong.de\/en\/wp-json\/wp\/v2\/types\/post"}],"author":[{"embeddable":true,"href":"https:\/\/noonsong.de\/en\/wp-json\/wp\/v2\/users\/16"}],"replies":[{"embeddable":true,"href":"https:\/\/noonsong.de\/en\/wp-json\/wp\/v2\/comments?post=48594"}],"version-history":[{"count":1,"href":"https:\/\/noonsong.de\/en\/wp-json\/wp\/v2\/posts\/48594\/revisions"}],"predecessor-version":[{"id":56911,"href":"https:\/\/noonsong.de\/en\/wp-json\/wp\/v2\/posts\/48594\/revisions\/56911"}],"wp:attachment":[{"href":"https:\/\/noonsong.de\/en\/wp-json\/wp\/v2\/media?parent=48594"}],"wp:term":[{"taxonomy":"category","embeddable":true,"href":"https:\/\/noonsong.de\/en\/wp-json\/wp\/v2\/categories?post=48594"},{"taxonomy":"post_tag","embeddable":true,"href":"https:\/\/noonsong.de\/en\/wp-json\/wp\/v2\/tags?post=48594"}],"curies":[{"name":"wp","href":"https:\/\/api.w.org\/{rel}","templated":true}]}}