{"id":48673,"date":"2024-11-25T12:18:45","date_gmt":"2024-11-25T11:18:45","guid":{"rendered":"https:\/\/noonsong.de\/2024\/11\/25\/tomas-luis-de-victoria-1548-1611-benedictus\/"},"modified":"2025-11-15T13:09:37","modified_gmt":"2025-11-15T12:09:37","slug":"tomas-luis-de-victoria-1548-1611-benedictus","status":"publish","type":"post","link":"https:\/\/noonsong.de\/en\/2024\/11\/25\/tomas-luis-de-victoria-1548-1611-benedictus\/","title":{"rendered":"Tom\u00e1s Luis de Victoria (1548-1611): Benedictus"},"content":{"rendered":"<!-- 533 -->\n\n<p>\u00dcbersetzung: Gepriesen sei der Herr, der Gott Israels! Denn er hat sein Volk besucht und ihm Erl\u00f6sung bereitet; und hat uns aufgerichtet ein Horn des Heils im Hause seines Dieners David, wie er verhei\u00dfen hat durch den Mund seiner heiligen Propheten von alters her: Errettung von unsern Feinden und aus der Hand aller, die uns hassen; Barmherzigkeit zu erzeigen unsern V\u00e4tern und zu gedenken seines heiligen Bundes, des Eides, den er unserm Vater Abraham geschworen hat, uns zu verleihen, da\u00df wir, erl\u00f6st aus der Hand unsrer Feinde, ihm dieneten ohne Furcht unser Leben lang in Heiligkeit und Gerechtigkeit vor ihm. Und du, Kindlein, wirst ein Prophet des H\u00f6chsten hei\u00dfen, denn du wirst vor dem Herrn hergehen, seine Wege zu bereiten, Erkenntnis des Heils zu geben seinem Volke, in Vergebung ihrer S\u00fcnden, wegen der herzlichen Barmherzigkeit unsres Gottes, in welcher uns besucht hat der Aufgang aus der H\u00f6he, zu scheinen denen, die in Finsternis und Todesschatten sitzen, unsre F\u00fc\u00dfe auf den Weg des Friedens zu richten!<\/p>\n\n\n\n<p>Chormusik<\/p>\n\n\n\n<p>Epoche: Renaissance<\/p>\n\n\n\n<div style=\"height:20px\" aria-hidden=\"true\" class=\"wp-block-spacer\"><\/div>\n\n\n<p>Aufnahme aus dieser Veranstaltung: <a href=\"https:\/\/noonsong.de\/noonsong-event-2019-05-11\">467. NoonSong am 11.05.2019 um 12:00<\/a><\/p>\n\n\n<figure class=\"wp-block-audio\">\n        <div class=\"um-locked-content\">\n\t<div class=\"um-locked-content-msg\">This content has been restricted to logged-in users only. Please <a href=\"https:\/\/noonsong.de\/en\/login-audio-archive\/?redirect_to=https%3A%2F%2Fnoonsong.de%2Fen%2Fwp-json%2Fwp%2Fv2%2Fposts%2F48673\">log in<\/a> to view this content.<\/div>\n<\/div>\n\n<\/figure>\n\n\n\n<div style=\"height:20px\" aria-hidden=\"true\" class=\"wp-block-spacer\"><\/div>\n\n\n<p>Aufnahme aus dieser Veranstaltung: <a href=\"https:\/\/noonsong.de\/noonsong-event-2018-04-21\">418. NoonSong am 21.04.2018 um 12:00<\/a><\/p>\n\n\n<figure class=\"wp-block-audio\">\n        <div class=\"um-locked-content\">\n\t<div class=\"um-locked-content-msg\">This content has been restricted to logged-in users only. Please <a href=\"https:\/\/noonsong.de\/en\/login-audio-archive\/?redirect_to=https%3A%2F%2Fnoonsong.de%2Fen%2Fwp-json%2Fwp%2Fv2%2Fposts%2F48673\">log in<\/a> to view this content.<\/div>\n<\/div>\n\n<\/figure>\n\n\n\n<div style=\"height:20px\" aria-hidden=\"true\" class=\"wp-block-spacer\"><\/div>\n\n\n<p>Aufnahme aus dieser Veranstaltung: <a href=\"https:\/\/noonsong.de\/noonsong-event-2015-11-14\">309. NoonSong am 14.11.2015 um 12:00<\/a><\/p>\n\n\n<figure class=\"wp-block-audio\">\n        <div class=\"um-locked-content\">\n\t<div class=\"um-locked-content-msg\">This content has been restricted to logged-in users only. Please <a href=\"https:\/\/noonsong.de\/en\/login-audio-archive\/?redirect_to=https%3A%2F%2Fnoonsong.de%2Fen%2Fwp-json%2Fwp%2Fv2%2Fposts%2F48673\">log in<\/a> to view this content.<\/div>\n<\/div>\n\n<\/figure>\n\n\n\n<div style=\"height:20px\" aria-hidden=\"true\" class=\"wp-block-spacer\"><\/div>\n\n\n<p>Aufnahme aus dieser Veranstaltung: <a href=\"https:\/\/noonsong.de\/noonsong-event-2014-11-08\">264. NoonSong am 08.11.2014 um 12:00<\/a><\/p>\n\n\n<figure class=\"wp-block-audio\">\n        <div class=\"um-locked-content\">\n\t<div class=\"um-locked-content-msg\">This content has been restricted to logged-in users only. Please <a href=\"https:\/\/noonsong.de\/en\/login-audio-archive\/?redirect_to=https%3A%2F%2Fnoonsong.de%2Fen%2Fwp-json%2Fwp%2Fv2%2Fposts%2F48673\">log in<\/a> to view this content.<\/div>\n<\/div>\n\n<\/figure>\n\n\n\n<div style=\"height:20px\" aria-hidden=\"true\" class=\"wp-block-spacer\"><\/div>\n\n\n<p>Aufnahme aus dieser Veranstaltung: <a href=\"https:\/\/noonsong.de\/noonsong-event-2011-11-19\">133. NoonSong am 19.11.2011 um 12:00<\/a><\/p>\n\n\n<figure class=\"wp-block-audio\">\n        <div class=\"um-locked-content\">\n\t<div class=\"um-locked-content-msg\">This content has been restricted to logged-in users only. Please <a href=\"https:\/\/noonsong.de\/en\/login-audio-archive\/?redirect_to=https%3A%2F%2Fnoonsong.de%2Fen%2Fwp-json%2Fwp%2Fv2%2Fposts%2F48673\">log in<\/a> to view this content.<\/div>\n<\/div>\n\n<\/figure>\n\n\n\n<p hidden>\n         Victoria, Tommaso Luis da; Vittoria, Tommaso Luis da; Vittoria, Lodovico da; Vittoria, Thomas L.; Victoria, Thomas L. a; Victoria, Thomas L.; Vittoria, Tom\u00e1s Luis; Vittoria, Louis Tomaso da; Vittorio, Tommaso Luis da; Vittoria, Ludwig Tom\u00e1s; Vittoria, Ludovico da; Vittoria, Ludovicus; Victoria, Tom\u00e1s Luis da; Victoria, Tomao L. da; Victoria, Thoma Ludovico da; Vittoria, Tommaso L. da; Victoria, Tomaso Luis de; Victoria, Tom\u00e1s L. de; Vittoria, Tomaso L.; Victoria, Tomasio L. da; Vittoria, Tom\u00e1s da; Vittoria, Tomaso Luis da; Vittoria, Thomasio L. da; Victoria, Th. L. de; Victoria, Th. Ludovico; Victoria, T. L. de; Vittoria, T. L.; Vittoria, T. L. D.; Vittoria, &#8230;; Vittoria, Tommaso Lodovico da; Victoria, Tommaso Ludovico da; Vittoria, Tommaso Ludovico da; Vittoria, L. da; Vittoria, Tomaso Ludovico da; Victoria, Thomas Ludovicus; Vittoria, Tomas Ludovico; Vittoria, Tom\u00e1s Luis de; Victoria, Thomas Ludovicus Victoria; Vitoria, Tom\u00e1s Luis de; Victoria, Luis Tom\u00e1s da; De Victoria, Tom\u00e1s Luis; Vittoria, T.L. da; Victoria; Victoria, Ludovico da; Victoria, Tom\u00e1s Ludovico da; DaVittoria, Tomas Ludovico\n<\/p>\n\n","protected":false},"excerpt":{"rendered":"<p>Tom\u00e1s Luis de Victoria (1548-1611): Benedictus f\u00fcr vierstimmig gemischten Chor a cappella<\/p>\n","protected":false},"author":16,"featured_media":0,"comment_status":"closed","ping_status":"","sticky":false,"template":"","format":"standard","meta":{"_et_pb_use_builder":"","_et_pb_old_content":"","_et_gb_content_width":"","footnotes":""},"categories":[793],"tags":[],"class_list":["post-48673","post","type-post","status-publish","format-standard","hentry","category-xxx_search_tonarchiv"],"acf":[],"_links":{"self":[{"href":"https:\/\/noonsong.de\/en\/wp-json\/wp\/v2\/posts\/48673","targetHints":{"allow":["GET"]}}],"collection":[{"href":"https:\/\/noonsong.de\/en\/wp-json\/wp\/v2\/posts"}],"about":[{"href":"https:\/\/noonsong.de\/en\/wp-json\/wp\/v2\/types\/post"}],"author":[{"embeddable":true,"href":"https:\/\/noonsong.de\/en\/wp-json\/wp\/v2\/users\/16"}],"replies":[{"embeddable":true,"href":"https:\/\/noonsong.de\/en\/wp-json\/wp\/v2\/comments?post=48673"}],"version-history":[{"count":1,"href":"https:\/\/noonsong.de\/en\/wp-json\/wp\/v2\/posts\/48673\/revisions"}],"predecessor-version":[{"id":58210,"href":"https:\/\/noonsong.de\/en\/wp-json\/wp\/v2\/posts\/48673\/revisions\/58210"}],"wp:attachment":[{"href":"https:\/\/noonsong.de\/en\/wp-json\/wp\/v2\/media?parent=48673"}],"wp:term":[{"taxonomy":"category","embeddable":true,"href":"https:\/\/noonsong.de\/en\/wp-json\/wp\/v2\/categories?post=48673"},{"taxonomy":"post_tag","embeddable":true,"href":"https:\/\/noonsong.de\/en\/wp-json\/wp\/v2\/tags?post=48673"}],"curies":[{"name":"wp","href":"https:\/\/api.w.org\/{rel}","templated":true}]}}