{"id":48714,"date":"2024-11-25T12:20:21","date_gmt":"2024-11-25T11:20:21","guid":{"rendered":"https:\/\/noonsong.de\/2024\/11\/25\/jacobus-gallus-1550-1591-pater-noster\/"},"modified":"2024-11-28T22:37:47","modified_gmt":"2024-11-28T21:37:47","slug":"jacobus-gallus-1550-1591-pater-noster","status":"publish","type":"post","link":"https:\/\/noonsong.de\/en\/2024\/11\/25\/jacobus-gallus-1550-1591-pater-noster\/","title":{"rendered":"Jacobus Gallus (1550-1591): Pater noster"},"content":{"rendered":"<!-- 2190 -->\n\n<p>Chormusik<\/p>\n\n\n\n<p>Epoche: Renaissance,Barock<\/p>\n\n\n\n<div style=\"height:20px\" aria-hidden=\"true\" class=\"wp-block-spacer\"><\/div>\n\n\n<p>Aufnahme aus dieser Veranstaltung: <a href=\"https:\/\/noonsong.de\/noonsong-event-2024-05-04\">669. NoonSong am 04.05.2024 um 12:00 Die beste Kirchenmusik: wenn T\u00f6ne beten<\/a><\/p>\n\n\n<figure class=\"wp-block-audio\">\n        <div class=\"um-locked-content\">\n\t<div class=\"um-locked-content-msg\">This content has been restricted to logged-in users only. Please <a href=\"https:\/\/noonsong.de\/en\/login-audio-archive\/?redirect_to=https%3A%2F%2Fnoonsong.de%2Fen%2Fwp-json%2Fwp%2Fv2%2Fposts%2F48714\">log in<\/a> to view this content.<\/div>\n<\/div>\n\n<\/figure>\n\n\n\n<p hidden>\n         Handl, Jacob; Gallus, Jacobo; Gallus, Jacob; Gallus, Jakobus; Gallus, Jakob; Gallus, Iacobus; Gallus Carniolus, Jacobus; Gallus; Gallo, Giacomo; Gallo; Carniolanus, Jacobus; Carniolus, Jacobus; Jacobus, Gallus; H\u00e4hnel, Jacob; H\u00e4ndel, Jacobus; Haendel, Jacob; Haendl, Jacob; H\u00e4ndl, Jacobus; H\u00e4ndl, Jacob; H\u00e4nel, Jacob; Hahnl, Jakob; Handelius, Jacobus; Handl, Iacobus; Handl, Jacob; Handl, Jacobus; Handl, Jakobus; Handl, Jakob; Handl, J.; H\u00e1ndl, Iacobus; H\u00e1ndl, Iacobo; Handl-Gallus, Jacobus; Handl Gallus, Jacobus; Handl-Gallus, Iacobus; Handl Gallus, Jakob; Handl-Gallus, J.; Pelelin, Jakob; Petelin, Jakob; Petelin, Jacobus; Petelin\n<\/p>\n\n","protected":false},"excerpt":{"rendered":"<p>Jacobus Gallus (1550-1591): Pater noster f\u00fcr achtstimmig gemischten Chor a cappella<\/p>\n","protected":false},"author":16,"featured_media":0,"comment_status":"closed","ping_status":"","sticky":false,"template":"","format":"standard","meta":{"_et_pb_use_builder":"","_et_pb_old_content":"","_et_gb_content_width":"","footnotes":""},"categories":[793],"tags":[],"class_list":["post-48714","post","type-post","status-publish","format-standard","hentry","category-xxx_search_tonarchiv"],"acf":[],"_links":{"self":[{"href":"https:\/\/noonsong.de\/en\/wp-json\/wp\/v2\/posts\/48714","targetHints":{"allow":["GET"]}}],"collection":[{"href":"https:\/\/noonsong.de\/en\/wp-json\/wp\/v2\/posts"}],"about":[{"href":"https:\/\/noonsong.de\/en\/wp-json\/wp\/v2\/types\/post"}],"author":[{"embeddable":true,"href":"https:\/\/noonsong.de\/en\/wp-json\/wp\/v2\/users\/16"}],"replies":[{"embeddable":true,"href":"https:\/\/noonsong.de\/en\/wp-json\/wp\/v2\/comments?post=48714"}],"version-history":[{"count":0,"href":"https:\/\/noonsong.de\/en\/wp-json\/wp\/v2\/posts\/48714\/revisions"}],"wp:attachment":[{"href":"https:\/\/noonsong.de\/en\/wp-json\/wp\/v2\/media?parent=48714"}],"wp:term":[{"taxonomy":"category","embeddable":true,"href":"https:\/\/noonsong.de\/en\/wp-json\/wp\/v2\/categories?post=48714"},{"taxonomy":"post_tag","embeddable":true,"href":"https:\/\/noonsong.de\/en\/wp-json\/wp\/v2\/tags?post=48714"}],"curies":[{"name":"wp","href":"https:\/\/api.w.org\/{rel}","templated":true}]}}